{"id":3475,"date":"2014-08-25T09:19:40","date_gmt":"2014-08-25T07:19:40","guid":{"rendered":"http:\/\/parties-civiles-asso.fr\/blog\/?p=3475"},"modified":"2014-08-25T09:19:40","modified_gmt":"2014-08-25T07:19:40","slug":"seance-de-vendredi-a-ti-koad-1508","status":"publish","type":"post","link":"https:\/\/parties-civiles-asso.fr\/wordpress\/?p=3475","title":{"rendered":"S\u00e9ance de VENDREDI \u00e0 Ti Koad 15\/08"},"content":{"rendered":"<p>Vous n&rsquo;arriviez plus \u00e0 dormir, tant le suspense \u00e9tait insoutenable. Y avait-il eu, oui ou non, une partie le vendredi 15 ao\u00fbt ?<\/p>\n<p>La r\u00e9ponse, en quelques mots, de Laurent.<\/p>\n<blockquote><p>On a jou\u00e9 \u00e0 <strong>World of Warcraft<\/strong>, avec Fran\u00e7ois-Ren\u00e9, Julien et Michal. Je faisais \u00e9quipe avec Fran\u00e7ois-Ren\u00e9. On devait battre Nefarian, mais la limite de nombre de tours a \u00e9t\u00e9 atteinte avant que les conditions pour un combat avec lui soient r\u00e9unies. Dans ce cas le jeu se finit par une bataille entre les deux \u00e9quipes. Au bout d&rsquo;une demi-heure la victoire a \u00e9t\u00e9 accord\u00e9e \u00e0 Michal et Julien, par forfait des autres joueurs pour cause de fatigue et un peu par d\u00e9pit envers cette r\u00e8gle. Un bon gros combat contre Nefarian \u00e7a aurait \u00e9t\u00e9 plus r\u00e9jouissant et plus rapide.<\/p><\/blockquote>\n<div><\/div>\n<div>_<\/div>\n<div><\/div>\n<div>Pour discuter de cette session <a title=\"RDV sur \" href=\"http:\/\/parties-civiles-asso.fr\/forum\/viewtopic.php?f=4&amp;t=1227\">RDV sur le forum<\/a>.<\/div>\n","protected":false},"excerpt":{"rendered":"<p>Vous n&rsquo;arriviez plus \u00e0 dormir, tant le suspense \u00e9tait insoutenable. Y avait-il eu, oui ou non, une partie le vendredi 15 ao\u00fbt ? La r\u00e9ponse, en quelques mots, de Laurent. On a jou\u00e9 \u00e0 World of Warcraft, avec Fran\u00e7ois-Ren\u00e9, Julien et Michal. Je faisais \u00e9quipe avec Fran\u00e7ois-Ren\u00e9. On devait battre Nefarian, mais la limite de [&hellip;]<\/p>\n","protected":false},"author":5,"featured_media":0,"comment_status":"closed","ping_status":"open","sticky":false,"template":"","format":"standard","meta":[],"categories":[1],"tags":[890],"_links":{"self":[{"href":"https:\/\/parties-civiles-asso.fr\/wordpress\/index.php?rest_route=\/wp\/v2\/posts\/3475"}],"collection":[{"href":"https:\/\/parties-civiles-asso.fr\/wordpress\/index.php?rest_route=\/wp\/v2\/posts"}],"about":[{"href":"https:\/\/parties-civiles-asso.fr\/wordpress\/index.php?rest_route=\/wp\/v2\/types\/post"}],"author":[{"embeddable":true,"href":"https:\/\/parties-civiles-asso.fr\/wordpress\/index.php?rest_route=\/wp\/v2\/users\/5"}],"replies":[{"embeddable":true,"href":"https:\/\/parties-civiles-asso.fr\/wordpress\/index.php?rest_route=%2Fwp%2Fv2%2Fcomments&post=3475"}],"version-history":[{"count":0,"href":"https:\/\/parties-civiles-asso.fr\/wordpress\/index.php?rest_route=\/wp\/v2\/posts\/3475\/revisions"}],"wp:attachment":[{"href":"https:\/\/parties-civiles-asso.fr\/wordpress\/index.php?rest_route=%2Fwp%2Fv2%2Fmedia&parent=3475"}],"wp:term":[{"taxonomy":"category","embeddable":true,"href":"https:\/\/parties-civiles-asso.fr\/wordpress\/index.php?rest_route=%2Fwp%2Fv2%2Fcategories&post=3475"},{"taxonomy":"post_tag","embeddable":true,"href":"https:\/\/parties-civiles-asso.fr\/wordpress\/index.php?rest_route=%2Fwp%2Fv2%2Ftags&post=3475"}],"curies":[{"name":"wp","href":"https:\/\/api.w.org\/{rel}","templated":true}]}}