{"id":2585,"date":"2013-03-28T14:05:40","date_gmt":"2013-03-28T12:05:40","guid":{"rendered":"http:\/\/parties-civiles-asso.fr\/blog\/?p=2585"},"modified":"2013-03-28T14:05:40","modified_gmt":"2013-03-28T12:05:40","slug":"jdr-mercredi-trebeurden","status":"publish","type":"post","link":"https:\/\/parties-civiles-asso.fr\/wordpress\/?p=2585","title":{"rendered":"[Jdr] mercredi 27\/03 @Tr\u00e9beurden"},"content":{"rendered":"<p>Parties Civiles ce n&rsquo;est pas que des jeux de plateau, et en plus des parties ayant lieu occasionnellement le vendredi soir \u00e0 St Elivet, nos membres se livrent r\u00e9guli\u00e8rement \u00e0 cette activit\u00e9 en semaine.<\/p>\n<p>Mercredi soir, c&rsquo;\u00e9tait le Nouveau Monde des T\u00e9n\u00e8bres, racont\u00e9 par Antoine aka Kirdinn aka le MJ.<\/p>\n<blockquote><p><strong>JdR: Nouveau Monde des T\u00e9n\u00e8bres: Dark Ages<\/strong><\/p>\n<p><img loading=\"lazy\" src=\"http:\/\/parties-civiles-asso.fr\/blog\/wp-content\/uploads\/2013\/03\/Marais-de-Quellen-300x300.jpg\" style=\"margin: 10px;\" alt=\"Marais de Quellen\" width=\"200\" height=\"200\" class=\"alignleft size-medium wp-image-2587\" srcset=\"https:\/\/parties-civiles-asso.fr\/wordpress\/wp-content\/uploads\/2013\/03\/Marais-de-Quellen-300x300.jpg 300w, https:\/\/parties-civiles-asso.fr\/wordpress\/wp-content\/uploads\/2013\/03\/Marais-de-Quellen-150x150.jpg 150w, https:\/\/parties-civiles-asso.fr\/wordpress\/wp-content\/uploads\/2013\/03\/Marais-de-Quellen-100x100.jpg 100w, https:\/\/parties-civiles-asso.fr\/wordpress\/wp-content\/uploads\/2013\/03\/Marais-de-Quellen.jpg 480w\" sizes=\"(max-width: 200px) 100vw, 200px\" \/>MJ: Kirdinn (Parties Civiles)<br \/>\nPJ: Markhal (Matth\u00e9o, Risques et P\u00e9rils), son \u00e9pouse Gryffid (Gwen), leur fils Allan (Adeline) et leur fille Riwannon (Mara, Parties Civiles)<\/p>\n<p>Keriaro, An de gr\u00e2ce 1008<br \/>\nKeriaro est un petit village qui s&rsquo;agglom\u00e9rera avec ses voisins, un jour, pour devenir Tr\u00e9beurden. Une petite ferme en bordure du Marais de Quellen. <\/p>\n<p>&#8230;<\/p>\n<p>&#8230;<\/p>\n<p>&#8230;<\/p>\n<p><img loading=\"lazy\" src=\"http:\/\/parties-civiles-asso.fr\/blog\/wp-content\/uploads\/2013\/03\/pendus-300x204.jpg\" alt=\"pendus\" width=\"300\" height=\"204\" class=\"alignright size-medium wp-image-2588\" style=\"margin: 10px;\" \/>Alors que des membres de l&rsquo;Ordre du Temple s&rsquo;installent dans la r\u00e9gion, apr\u00e8s l&rsquo;autonomie donn\u00e9e par la Paroisse de Pleumeur-Bodou, une petite famille de paysans se voit confront\u00e9e \u00e0 des ph\u00e9nom\u00e8nes macabres. Une berg\u00e8re morte dans le Marais de Quellen, un seigneur fantome nomm\u00e9 Conomor de Poher, l&rsquo;ensemble des habitants du village de Kergam pendus &#8230; et le rebouteux du coin qui semble inaccessible sur son \u00cele de Miliau ! <\/p>\n<p>&#8230;<\/p>\n<p>&#8230;<\/p>\n<p>&#8230;<\/p>\n<p><img loading=\"lazy\" src=\"http:\/\/parties-civiles-asso.fr\/blog\/wp-content\/uploads\/2013\/03\/templier002-240x300.jpg\" alt=\"templier002\" width=\"240\" height=\"300\"  style=\"margin: 10px;\" class=\"alignleft size-medium wp-image-2589\" srcset=\"https:\/\/parties-civiles-asso.fr\/wordpress\/wp-content\/uploads\/2013\/03\/templier002-240x300.jpg 240w, https:\/\/parties-civiles-asso.fr\/wordpress\/wp-content\/uploads\/2013\/03\/templier002.jpg 337w\" sizes=\"(max-width: 240px) 100vw, 240px\" \/>Apr\u00e8s moult errances et terreurs, nos h\u00e9ros d\u00e9couvrent que les armures port\u00e9es par les Templiers sont grav\u00e9es d&rsquo;\u00e9tranges signes sarrazins. En portant eux-m\u00eame des pi\u00e8ces de ces armures, ils voient les autres comme autant de d\u00e9mons, et se sentent comme \u00e9lus de la puissance divine ! Les armures sont maudites, et poussent ceux qui les portent \u00e0 consid\u00e9rer chacun comme un h\u00e9r\u00e9tique, un anath\u00e8me, un d\u00e9mon \u00e0 d\u00e9truire ! Nos h\u00e9ros comprennent que les \u00e9l\u00e9ments surnaturels sont d\u00fbs au rebouteux de Miliau qui exhorte les morts \u00e0 se relever et \u00e0 combattre ces maudits Templiers ! Gryffid, l&rsquo;\u00e9pouse, d\u00e9couvre m\u00eame qu&rsquo;elle est morte depuis le d\u00e9but de l&rsquo;histoire ! Apr\u00e8s une br\u00e8ve escarmouche, nos h\u00e9ros s&rsquo;enfuient et quittent le territoire. Ne devant leur survie qu&rsquo;au fant\u00f4me du Seigneur de Poher, \u00e0 qui ils ont offert le fruit de leurs braconnage en offrande &#8230;<\/p>\n<p>Horreur, et franches rigolades au menu !<\/p>\n<p>Citation: <em>\u00ab\u00a0J&rsquo;ai vu des chevaliers&#8230; Des hommes sur des chevaux&#8230; C&rsquo;est comme des vaches mais pas pareil&#8230;\u00a0\u00bb<\/em><\/p>\n<p>&#8230;<\/p>\n<p>&#8230;<\/p>\n<p>..<\/p>\n<p><img loading=\"lazy\" src=\"http:\/\/parties-civiles-asso.fr\/blog\/wp-content\/uploads\/2013\/03\/ghost_knights_Wallpaper_gss2k-300x214.jpg\" style=\"margin: 10px;\" alt=\"ghost_knights_Wallpaper_gss2k\" width=\"300\" height=\"214\" class=\"alignright size-medium wp-image-2586\" srcset=\"https:\/\/parties-civiles-asso.fr\/wordpress\/wp-content\/uploads\/2013\/03\/ghost_knights_Wallpaper_gss2k-300x214.jpg 300w, https:\/\/parties-civiles-asso.fr\/wordpress\/wp-content\/uploads\/2013\/03\/ghost_knights_Wallpaper_gss2k.jpg 350w\" sizes=\"(max-width: 300px) 100vw, 300px\" \/>Lieux visit\u00e9s existants:<br \/>\nKergam<br \/>\nKeriaro (Manoir r\u00e9put\u00e9 hant\u00e9, de nos jours)<br \/>\nTrovern Bras (Manoir)<br \/>\nIle Miliau, rendue accessible \u00e0 pied \u00e0 mar\u00e9e basse pour les besoins de l&rsquo;histoire<\/p>\n<p>Sources et inspirations:<br \/>\n<a href=\"http:\/\/www.infobretagne.com\/trebeurden.htm\" title=\"http:\/\/www.infobretagne.com\/trebeurden.htm\">http:\/\/www.infobretagne.com\/trebeurden.htm<\/a><br \/>\n<a href=\"http:\/\/www.infobretagne.com\/templier-hospitalier.htm\" title=\"http:\/\/www.infobretagne.com\/templier-hospitalier.htm\">http:\/\/www.infobretagne.com\/templier-hospitalier.htm<\/a><br \/>\n<a href=\"http:\/\/www.infobretagne.com\/chronologie-histoire-bretagne.htm\" title=\"http:\/\/www.infobretagne.com\/chronologie-histoire-bretagne.htm\">http:\/\/www.infobretagne.com\/chronologie-histoire-bretagne.htm<\/a><br \/>\n<a href=\"http:\/\/fr.wikipedia.org\/wiki\/%C3%8Ele_Milliau\" title=\"http:\/\/fr.wikipedia.org\/wiki\/%C3%8Ele_Milliau\">http:\/\/fr.wikipedia.org\/wiki\/%C3%8Ele_Milliau<\/a><\/p>\n<\/blockquote>\n","protected":false},"excerpt":{"rendered":"<p>Parties Civiles ce n&rsquo;est pas que des jeux de plateau, et en plus des parties ayant lieu occasionnellement le vendredi soir \u00e0 St Elivet, nos membres se livrent r\u00e9guli\u00e8rement \u00e0 cette activit\u00e9 en semaine. Mercredi soir, c&rsquo;\u00e9tait le Nouveau Monde des T\u00e9n\u00e8bres, racont\u00e9 par Antoine aka Kirdinn aka le MJ. JdR: Nouveau Monde des T\u00e9n\u00e8bres: [&hellip;]<\/p>\n","protected":false},"author":5,"featured_media":0,"comment_status":"closed","ping_status":"open","sticky":false,"template":"","format":"standard","meta":[],"categories":[1],"tags":[411],"_links":{"self":[{"href":"https:\/\/parties-civiles-asso.fr\/wordpress\/index.php?rest_route=\/wp\/v2\/posts\/2585"}],"collection":[{"href":"https:\/\/parties-civiles-asso.fr\/wordpress\/index.php?rest_route=\/wp\/v2\/posts"}],"about":[{"href":"https:\/\/parties-civiles-asso.fr\/wordpress\/index.php?rest_route=\/wp\/v2\/types\/post"}],"author":[{"embeddable":true,"href":"https:\/\/parties-civiles-asso.fr\/wordpress\/index.php?rest_route=\/wp\/v2\/users\/5"}],"replies":[{"embeddable":true,"href":"https:\/\/parties-civiles-asso.fr\/wordpress\/index.php?rest_route=%2Fwp%2Fv2%2Fcomments&post=2585"}],"version-history":[{"count":0,"href":"https:\/\/parties-civiles-asso.fr\/wordpress\/index.php?rest_route=\/wp\/v2\/posts\/2585\/revisions"}],"wp:attachment":[{"href":"https:\/\/parties-civiles-asso.fr\/wordpress\/index.php?rest_route=%2Fwp%2Fv2%2Fmedia&parent=2585"}],"wp:term":[{"taxonomy":"category","embeddable":true,"href":"https:\/\/parties-civiles-asso.fr\/wordpress\/index.php?rest_route=%2Fwp%2Fv2%2Fcategories&post=2585"},{"taxonomy":"post_tag","embeddable":true,"href":"https:\/\/parties-civiles-asso.fr\/wordpress\/index.php?rest_route=%2Fwp%2Fv2%2Ftags&post=2585"}],"curies":[{"name":"wp","href":"https:\/\/api.w.org\/{rel}","templated":true}]}}