{"id":2358,"date":"2012-12-05T12:33:54","date_gmt":"2012-12-05T10:33:54","guid":{"rendered":"http:\/\/parties-civiles-asso.fr\/blog\/?p=2358"},"modified":"2012-12-05T12:33:54","modified_gmt":"2012-12-05T10:33:54","slug":"seance-de-mardi-a-st-elivet-412","status":"publish","type":"post","link":"https:\/\/parties-civiles-asso.fr\/wordpress\/?p=2358","title":{"rendered":"S\u00e9ance de MARDI \u00e0 St-Elivet 4\/12"},"content":{"rendered":"<p>S\u00e9ance de 3 tables pour ce mardi :<\/p>\n<p><strong>Table n\u00b01<\/strong> dite \u00ab\u00a0non align\u00e9e\u00a0\u00bb &#8230;<\/p>\n<p><img loading=\"lazy\" class=\"alignright\" style=\"margin: 10px; border: 1px solid black;\" src=\"http:\/\/cf.geekdo-images.com\/images\/pic286166_t.jpg\" alt=\"\" width=\"105\" height=\"150\" \/>&#8230; avec Xel, Fran\u00e7ois-R et Fran\u00e7ois autour de <em><strong>Kingsburg <\/strong><\/em>puis de <strong><em>Kuhhandel<\/em><em> <\/em>(<\/strong><em>Boursicocotte <\/em>en VF). C&rsquo;est Fran\u00e7ois-R qui remporte tout.<\/p>\n<p><strong>Table n\u00b02<\/strong> dite \u00ab\u00a0des cayluisiens\u00a0\u00bb &#8230;<\/p>\n<p><img class=\"alignleft\" style=\"margin: 10px; border: 1px solid black;\" src=\"http:\/\/cf.geekdo-images.com\/images\/pic1090723_t.jpg\" alt=\"\" width=\"100\" \/>&#8230; o\u00f9 le leader du mouvement &#8211; Jean-Baptiste JiBee &#8211; sur la demande de ses militants : David, Baptiste le 1er dit \u00ab\u00a0\u00e0 la chevelure humble\u00a0\u00bb et Baptiste 2\u00e8me dit \u00ab\u00a0au poil affol\u00e9\u00a0\u00bb \u00a0a d\u00e9ploy\u00e9 le plateau de <em><strong>Caylus<\/strong><\/em>. La partie durait encore quand VHS quittait l&rsquo;assembl\u00e9e mais les sources s\u00fbres ont communiqu\u00e9 les scores :<\/p>\n<blockquote><p>Caylus \u00ab\u00a0dit trois Baptiste sinon rien\u00a0\u00bb :<br \/>\n1ER : Baptiste 1st 67<br \/>\n2EME : Jibee 64<br \/>\n3EME : Baptiste 2nd 55<br \/>\n4EME : David 52<\/p><\/blockquote>\n<p><strong>Table n\u00b03<\/strong> dite \u00ab\u00a0des wallaciens\u00a0\u00bb &#8230;<\/p>\n<p><img class=\"alignright\" style=\"border: 1px solid black; margin: 10px;\" src=\"http:\/\/cf.geekdo-images.com\/images\/pic200256_t.jpg\" alt=\"\" width=\"150\" \/>&#8230; o\u00f9 Votre Humble Serviteur a appris \u00e0 Sam &#8211; nouvelle\u00a0recrue\u00a0du courant wallacien autonome \u00a0&#8211; comment se servir des cubenbois pour ne pas couler l&rsquo;\u00e9conomie nord-am\u00e9ricaine dans <em><strong>Age of Steam<\/strong><\/em>. Marie-Anne, venue en soutien militant a fait la 3e joueuse. VHS a humblement fait course en t\u00eate mais une lutte acharn\u00e9e entre l'\u00a0\u00bbancienne\u00a0\u00bb et le \u00ab\u00a0nouveau\u00a0\u00bb a eu lieu pour la 2nde place. Ce n&rsquo;est que dans le tout dernier tour que l&rsquo;exp\u00e9rience a pr\u00e9valu sur la\u00a0fra\u00eecheur\u00a0de l&rsquo;enthousiasme et la militante de longue date (ayant vid\u00e9 son chargeur dans ses 2 pieds\u00a0auparavant) se pla\u00e7a 2\u00e8me. A noter 2 choses importantes \u00a0:<\/p>\n<ol>\n<li>le nouveau militant de la branche wallacienne est venu avec des renforts de plusieurs\u00a0g\u00e2teaux\u00a0au miel et noix de\u00a0p\u00e9kan. On ne peut pas en dire autant du courant caylusien. On a partag\u00e9 quand m\u00eame.<\/li>\n<li>le sus-cit\u00e9 militant a d\u00e9clar\u00e9 : \u00ab\u00a0<em>Age of Steam<\/em> est bien plus abordable qu&rsquo;<em>Agricola<\/em>\u00ab\u00a0. Cette phrase, \u00e0 noter dans les archives du mouvement, m\u00e9rite une plaque.<\/li>\n<\/ol>\n<p>\u2014<\/p>\n<p><strong>Pour discuter de cette session <\/strong><strong><a href=\"http:\/\/parties-civiles-asso.fr\/forum\/viewtopic.php?f=4&amp;t=961\">RDV sur le forum<\/a><\/strong><\/p>\n","protected":false},"excerpt":{"rendered":"<p>S\u00e9ance de 3 tables pour ce mardi : Table n\u00b01 dite \u00ab\u00a0non align\u00e9e\u00a0\u00bb &#8230; &#8230; avec Xel, Fran\u00e7ois-R et Fran\u00e7ois autour de Kingsburg puis de Kuhhandel (Boursicocotte en VF). C&rsquo;est Fran\u00e7ois-R qui remporte tout. Table n\u00b02 dite \u00ab\u00a0des cayluisiens\u00a0\u00bb &#8230; &#8230; o\u00f9 le leader du mouvement &#8211; Jean-Baptiste JiBee &#8211; sur la demande de ses [&hellip;]<\/p>\n","protected":false},"author":4,"featured_media":0,"comment_status":"closed","ping_status":"open","sticky":false,"template":"","format":"standard","meta":[],"categories":[1],"tags":[34,160,437,444],"_links":{"self":[{"href":"https:\/\/parties-civiles-asso.fr\/wordpress\/index.php?rest_route=\/wp\/v2\/posts\/2358"}],"collection":[{"href":"https:\/\/parties-civiles-asso.fr\/wordpress\/index.php?rest_route=\/wp\/v2\/posts"}],"about":[{"href":"https:\/\/parties-civiles-asso.fr\/wordpress\/index.php?rest_route=\/wp\/v2\/types\/post"}],"author":[{"embeddable":true,"href":"https:\/\/parties-civiles-asso.fr\/wordpress\/index.php?rest_route=\/wp\/v2\/users\/4"}],"replies":[{"embeddable":true,"href":"https:\/\/parties-civiles-asso.fr\/wordpress\/index.php?rest_route=%2Fwp%2Fv2%2Fcomments&post=2358"}],"version-history":[{"count":0,"href":"https:\/\/parties-civiles-asso.fr\/wordpress\/index.php?rest_route=\/wp\/v2\/posts\/2358\/revisions"}],"wp:attachment":[{"href":"https:\/\/parties-civiles-asso.fr\/wordpress\/index.php?rest_route=%2Fwp%2Fv2%2Fmedia&parent=2358"}],"wp:term":[{"taxonomy":"category","embeddable":true,"href":"https:\/\/parties-civiles-asso.fr\/wordpress\/index.php?rest_route=%2Fwp%2Fv2%2Fcategories&post=2358"},{"taxonomy":"post_tag","embeddable":true,"href":"https:\/\/parties-civiles-asso.fr\/wordpress\/index.php?rest_route=%2Fwp%2Fv2%2Ftags&post=2358"}],"curies":[{"name":"wp","href":"https:\/\/api.w.org\/{rel}","templated":true}]}}